{"id":436,"date":"2017-11-30T22:04:48","date_gmt":"2017-11-30T21:04:48","guid":{"rendered":"https:\/\/agro-market24.pl\/blog\/?p=436"},"modified":"2018-03-27T23:21:06","modified_gmt":"2018-03-27T21:21:06","slug":"prow-program-rozwoju-obszarow-wiejskich","status":"publish","type":"post","link":"https:\/\/agro-market24.pl\/blog\/prow-program-rozwoju-obszarow-wiejskich\/","title":{"rendered":"PROW, Program Rozwoju Obszar\u00f3w Wiejskich 2014-2020"},"content":{"rendered":"<h2><strong>PROW, Program Rozwoju Obszar\u00f3w Wiejskich na lata 2014-2020<\/strong><\/h2>\n<p><img loading=\"lazy\" decoding=\"async\" width=\"250\" height=\"153\" class=\"size-medium wp-image-437 alignleft\" src=\"https:\/\/agro-market24.pl\/blog\/wp-content\/uploads\/2017\/11\/prow_2014_2020-250x153.png\" alt=\"Program Rozwoju Obszar\u00f3w Wiejskich\" srcset=\"https:\/\/agro-market24.pl\/blog\/wp-content\/uploads\/2017\/11\/prow_2014_2020-250x153.png 250w, https:\/\/agro-market24.pl\/blog\/wp-content\/uploads\/2017\/11\/prow_2014_2020-120x73.png 120w, https:\/\/agro-market24.pl\/blog\/wp-content\/uploads\/2017\/11\/prow_2014_2020.png 472w\" sizes=\"auto, (max-width: 250px) 100vw, 250px\" \/> \u00a0 <img loading=\"lazy\" decoding=\"async\" width=\"250\" height=\"163\" class=\"size-medium wp-image-438 alignleft\" src=\"https:\/\/agro-market24.pl\/blog\/wp-content\/uploads\/2017\/11\/program_rozwoju_obszarow_wiejskich_2014-250x163.jpg\" alt=\"PROW 2017\" srcset=\"https:\/\/agro-market24.pl\/blog\/wp-content\/uploads\/2017\/11\/program_rozwoju_obszarow_wiejskich_2014-250x163.jpg 250w, https:\/\/agro-market24.pl\/blog\/wp-content\/uploads\/2017\/11\/program_rozwoju_obszarow_wiejskich_2014-768x502.jpg 768w, https:\/\/agro-market24.pl\/blog\/wp-content\/uploads\/2017\/11\/program_rozwoju_obszarow_wiejskich_2014-700x458.jpg 700w, https:\/\/agro-market24.pl\/blog\/wp-content\/uploads\/2017\/11\/program_rozwoju_obszarow_wiejskich_2014-120x78.jpg 120w, https:\/\/agro-market24.pl\/blog\/wp-content\/uploads\/2017\/11\/program_rozwoju_obszarow_wiejskich_2014.jpg 1280w\" sizes=\"auto, (max-width: 250px) 100vw, 250px\" \/><\/p>\n<p>&nbsp;<\/p>\n<p>&nbsp;<\/p>\n<p>&nbsp;<\/p>\n<p>&nbsp;<\/p>\n<p>&nbsp;<\/p>\n<h2>PROW 2014-2020<\/h2>\n<p>PROW &#8211; Komisja Europejska zatwierdzi\u0142a Program Rozwoju Obszar\u00f3w Wiejskich na lata 2014\u20132020, dnia 12 grudnia 2014 roku.<br \/>\nG\u0142\u00f3wnym celem dzia\u0142ania o nazwie PROW 2014 \u2013 2020 jest poprawa konkurencyjno\u015bci rolnictwa, zr\u00f3wnowa\u017cone zarz\u0105dzanie zasobami naturalnymi i dzia\u0142ania w dziedzinie klimatu oraz zr\u00f3wnowa\u017cony rozw\u00f3j terytorialny obszar\u00f3w wiejskich. Program Rozwoju Obszar\u00f3w Wiejskich b\u0119dzie realizowa\u0142 wszystkie sze\u015b\u0107 priorytet\u00f3w wyznaczonych dla unijnej polityki rozwoju obszar\u00f3w wiejskich na lata 2014 \u2013 2020, a mianowicie:<!--more--><br \/>\n1. U\u0142atwianie transferu wiedzy i innowacji w rolnictwie i le\u015bnictwie oraz obszarach wiejskich.<br \/>\n2. Zwi\u0119kszenie rentowno\u015bci gospodarstw i konkurencyjno\u015bci wszystkich rodzaj\u00f3w rolnictwa we wszystkich regionach oraz promowanie innowacyjnych technologii w gospodarstwach i zr\u00f3wnowa\u017conego zarz\u0105dzania lasami.<br \/>\n3. Wsparcie organizacji \u0142a\u0144cucha \u017cywno\u015bciowego, w tym przetwarzania i wprowadzania do obrotu produkt\u00f3w rolnych, dorastania zwierz\u0105t oraz zarz\u0105dzania ryzykiem w rolnictwie.<br \/>\n4. Odtwarzanie, ochrona i wzbogacanie ekosystem\u00f3w zwi\u0105zanych z rolnictwem i le\u015bnictwem.<br \/>\n5. Promowanie efektywnego gospodarowania zasobami i wspieranie przechodzenia w sektorach rolnym, spo\u017cywczym i le\u015bnym na gospodark\u0119 niskoemisyjn\u0105 i odporn\u0105 na zmian\u0119 klimatu.<br \/>\n6. Promowanie w\u0142\u0105czenia spo\u0142ecznego, zmniejszenia ub\u00f3stwa oraz rozwoju gospodarczego na obszarach wiejskich.<\/p>\n<p><strong>Krajowa Sie\u0107 Obszar\u00f3w Wiejskich<\/strong> jednostka kt\u00f3ra zosta\u0142a utworzona w latach 2007-2013 w ramach kt\u00f3rej zosta\u0142a stworzona struktura KSOW. W ramach <strong>PROW 2014-2020<\/strong> struktura organizacyjna zapewnia kontynuacj\u0119 utworzonej Sieci, zapewniaj\u0105ca realizacj\u0119 cel\u00f3w PROW na lata 2014 -2015<\/p>\n<h3>PROW 2014-2020 b\u0119d\u0105 oceniane nast\u0119puj\u0105ce wska\u017aniki:<\/h3>\n<h4>Wska\u017aniki wst\u0119pne:<\/h4>\n<p>1) Zwi\u0119kszenie rentowno\u015bci gospodarstw i konkurencyjno\u015bci wszystkich rodzaj\u00f3w rolnictwa we wszystkich regionach oraz promowanie innowacyjnych technologii w gospodarstwach i zr\u00f3wnowa\u017conego zarzadzania lasami<br \/>\n2) Wspieranie organizacji \u0142a\u0144cucha \u017cywno\u015bciowego, w tym przetwarzania i wprowadzania do obrotu produkt\u00f3w rolnych, dobrostanu zwierz\u0105t oraz zarz\u0105dzania ryzykiem w rolnictwie<br \/>\n3) Odtwarzanie, ochrona i wzbogacanie ekosystem\u00f3w zwi\u0105zanych z rolnictwem i le\u015bnictwem<br \/>\n4) Promowanie efektywnego gospodarowania zasobami i wspieranie przechodzenia w sektorach rolnym, spo\u017cywczym i le\u015bnym na gospodark\u0119 niskoemisyjn\u0105 i odporn\u0105 na zmian\u0119 klimatu<br \/>\n5) Promowanie w\u0142\u0105czenia spo\u0142ecznego, zmniejszania ub\u00f3stwa oraz rozwoju gospodarczego na obszarach wiejskich<\/p>\n<p>&nbsp;<\/p>\n<h4>W ramach wska\u017anik\u00f3w dodatkowych PROW 2014-2020 wyr\u00f3\u017cniamy:<\/h4>\n<p>&nbsp;<\/p>\n<p>1) Wspieranie organizacji \u0142a\u0144cucha \u017cywno\u015bciowego, w tym przetwarzania i wprowadzania do obrotu produkt\u00f3w rolnych, dobrostanu zwierz\u0105t oraz zarz\u0105dzania ryzykiem w rolnictwie<br \/>\n2) Odtwarzanie, ochrona i wzbogacanie ekosystem\u00f3w zwi\u0105zanych z rolnictwem i le\u015bnictwem<\/p>\n<h3>Warunki og\u00f3lne maj\u0105ce zastosowanie do wi\u0119cej ni\u017c jednego dzia\u0142ania:<br \/>\nZaliczki \u2013 beneficjent b\u0119dzie mia\u0142 mo\u017cliwo\u015b\u0107 ubiegania si\u0119 o zaliczk\u0119 w dzia\u0142aniach:<\/h3>\n<p>a) Inwestycje w \u015brodki trwa\u0142e,<br \/>\nb) Przywracanie potencja\u0142u produkcji rolnej zniszczonego w wyniku kl\u0119sk \u017cywio\u0142owych i katastrof oraz wprowadzanie odpowiednich \u015brodk\u00f3w zapobiegawczych,<br \/>\nc) Rozw\u00f3j gospodarstw i dzia\u0142alno\u015bci gospodarczej (poddzia\u0142anie: Rozw\u00f3j przedsi\u0119biorczo\u015bci),<br \/>\nd) Wsp\u00f3\u0142praca,<br \/>\ne) LEADER.<\/p>\n","protected":false},"excerpt":{"rendered":"<p>PROW, Program Rozwoju Obszar\u00f3w Wiejskich na lata 2014-2020 \u00a0 &nbsp; &nbsp; &nbsp; &nbsp; &nbsp; PROW 2014-2020 PROW &#8211; Komisja Europejska zatwierdzi\u0142a Program Rozwoju Obszar\u00f3w Wiejskich na lata 2014\u20132020, dnia 12 grudnia 2014 roku. G\u0142\u00f3wnym celem dzia\u0142ania o nazwie PROW 2014 \u2013 2020 jest poprawa konkurencyjno\u015bci rolnictwa, zr\u00f3wnowa\u017cone zarz\u0105dzanie zasobami naturalnymi i dzia\u0142ania w dziedzinie klimatu [&hellip;]<\/p>\n","protected":false},"author":2,"featured_media":0,"comment_status":"closed","ping_status":"closed","sticky":false,"template":"","format":"standard","meta":{"_yoast_wpseo_metadesc":"PROW - Program Rozwoju Obszar\u00f3w Wiejskich na lata 2014-2020 ma na celu popraw\u0119 konkurencyjno\u015bci rolnictwa, b\u0119dzie realizowa\u0142 wszystkie priorytety UE","footnotes":""},"categories":[1],"tags":[],"class_list":["post-436","post","type-post","status-publish","format-standard","hentry","category-bez-kategorii"],"blocksy_meta":[],"yoast_head":"<!-- This site is optimized with the Yoast SEO plugin v26.0 - https:\/\/yoast.com\/wordpress\/plugins\/seo\/ -->\n<title>PROW, Program Rozwoju Obszar\u00f3w Wiejskich na lata 2014-2020<\/title>\n<meta name=\"description\" content=\"PROW - Program Rozwoju Obszar\u00f3w Wiejskich na lata 2014-2020 ma na celu popraw\u0119 konkurencyjno\u015bci rolnictwa, b\u0119dzie realizowa\u0142 wszystkie priorytety UE\" \/>\n<meta name=\"robots\" content=\"index, follow, max-snippet:-1, max-image-preview:large, max-video-preview:-1\" \/>\n<link rel=\"canonical\" href=\"https:\/\/agro-market24.pl\/blog\/prow-program-rozwoju-obszarow-wiejskich\/\" \/>\n<meta property=\"og:locale\" content=\"pl_PL\" \/>\n<meta property=\"og:type\" content=\"article\" \/>\n<meta property=\"og:title\" content=\"PROW, Program Rozwoju Obszar\u00f3w Wiejskich na lata 2014-2020\" \/>\n<meta property=\"og:description\" content=\"PROW - Program Rozwoju Obszar\u00f3w Wiejskich na lata 2014-2020 ma na celu popraw\u0119 konkurencyjno\u015bci rolnictwa, b\u0119dzie realizowa\u0142 wszystkie priorytety UE\" \/>\n<meta property=\"og:url\" content=\"https:\/\/agro-market24.pl\/blog\/prow-program-rozwoju-obszarow-wiejskich\/\" \/>\n<meta property=\"og:site_name\" content=\"Blog - Agro-Market24\" \/>\n<meta property=\"article:published_time\" content=\"2017-11-30T21:04:48+00:00\" \/>\n<meta property=\"article:modified_time\" content=\"2018-03-27T21:21:06+00:00\" \/>\n<meta property=\"og:image\" content=\"https:\/\/agro-market24.pl\/blog\/wp-content\/uploads\/2017\/11\/prow_2014_2020-250x153.png\" \/>\n<meta name=\"author\" content=\"Redakcja Agro-Market24\" \/>\n<meta name=\"twitter:card\" content=\"summary_large_image\" \/>\n<meta name=\"twitter:label1\" content=\"Napisane przez\" \/>\n\t<meta name=\"twitter:data1\" content=\"Redakcja Agro-Market24\" \/>\n\t<meta name=\"twitter:label2\" content=\"Szacowany czas czytania\" \/>\n\t<meta name=\"twitter:data2\" content=\"2 minuty\" \/>\n<script type=\"application\/ld+json\" class=\"yoast-schema-graph\">{\"@context\":\"https:\/\/schema.org\",\"@graph\":[{\"@type\":\"Article\",\"@id\":\"https:\/\/agro-market24.pl\/blog\/prow-program-rozwoju-obszarow-wiejskich\/#article\",\"isPartOf\":{\"@id\":\"https:\/\/agro-market24.pl\/blog\/prow-program-rozwoju-obszarow-wiejskich\/\"},\"author\":{\"name\":\"Redakcja Agro-Market24\",\"@id\":\"https:\/\/agro-market24.pl\/blog\/#\/schema\/person\/b8d77e3e8f56fb302e389bbd41afad86\"},\"headline\":\"PROW, Program Rozwoju Obszar\u00f3w Wiejskich 2014-2020\",\"datePublished\":\"2017-11-30T21:04:48+00:00\",\"dateModified\":\"2018-03-27T21:21:06+00:00\",\"mainEntityOfPage\":{\"@id\":\"https:\/\/agro-market24.pl\/blog\/prow-program-rozwoju-obszarow-wiejskich\/\"},\"wordCount\":499,\"publisher\":{\"@id\":\"https:\/\/agro-market24.pl\/blog\/#organization\"},\"image\":{\"@id\":\"https:\/\/agro-market24.pl\/blog\/prow-program-rozwoju-obszarow-wiejskich\/#primaryimage\"},\"thumbnailUrl\":\"https:\/\/agro-market24.pl\/blog\/wp-content\/uploads\/2017\/11\/prow_2014_2020-250x153.png\",\"inLanguage\":\"pl-PL\"},{\"@type\":\"WebPage\",\"@id\":\"https:\/\/agro-market24.pl\/blog\/prow-program-rozwoju-obszarow-wiejskich\/\",\"url\":\"https:\/\/agro-market24.pl\/blog\/prow-program-rozwoju-obszarow-wiejskich\/\",\"name\":\"PROW, Program Rozwoju Obszar\u00f3w Wiejskich na lata 2014-2020\",\"isPartOf\":{\"@id\":\"https:\/\/agro-market24.pl\/blog\/#website\"},\"primaryImageOfPage\":{\"@id\":\"https:\/\/agro-market24.pl\/blog\/prow-program-rozwoju-obszarow-wiejskich\/#primaryimage\"},\"image\":{\"@id\":\"https:\/\/agro-market24.pl\/blog\/prow-program-rozwoju-obszarow-wiejskich\/#primaryimage\"},\"thumbnailUrl\":\"https:\/\/agro-market24.pl\/blog\/wp-content\/uploads\/2017\/11\/prow_2014_2020-250x153.png\",\"datePublished\":\"2017-11-30T21:04:48+00:00\",\"dateModified\":\"2018-03-27T21:21:06+00:00\",\"description\":\"PROW - Program Rozwoju Obszar\u00f3w Wiejskich na lata 2014-2020 ma na celu popraw\u0119 konkurencyjno\u015bci rolnictwa, b\u0119dzie realizowa\u0142 wszystkie priorytety UE\",\"breadcrumb\":{\"@id\":\"https:\/\/agro-market24.pl\/blog\/prow-program-rozwoju-obszarow-wiejskich\/#breadcrumb\"},\"inLanguage\":\"pl-PL\",\"potentialAction\":[{\"@type\":\"ReadAction\",\"target\":[\"https:\/\/agro-market24.pl\/blog\/prow-program-rozwoju-obszarow-wiejskich\/\"]}]},{\"@type\":\"ImageObject\",\"inLanguage\":\"pl-PL\",\"@id\":\"https:\/\/agro-market24.pl\/blog\/prow-program-rozwoju-obszarow-wiejskich\/#primaryimage\",\"url\":\"https:\/\/agro-market24.pl\/blog\/wp-content\/uploads\/2017\/11\/prow_2014_2020.png\",\"contentUrl\":\"https:\/\/agro-market24.pl\/blog\/wp-content\/uploads\/2017\/11\/prow_2014_2020.png\",\"width\":472,\"height\":289,\"caption\":\"prow 2014-2020 ; prow 2014\"},{\"@type\":\"BreadcrumbList\",\"@id\":\"https:\/\/agro-market24.pl\/blog\/prow-program-rozwoju-obszarow-wiejskich\/#breadcrumb\",\"itemListElement\":[{\"@type\":\"ListItem\",\"position\":1,\"name\":\"Strona g\u0142\u00f3wna\",\"item\":\"https:\/\/agro-market24.pl\/blog\/\"},{\"@type\":\"ListItem\",\"position\":2,\"name\":\"PROW, Program Rozwoju Obszar\u00f3w Wiejskich 2014-2020\"}]},{\"@type\":\"WebSite\",\"@id\":\"https:\/\/agro-market24.pl\/blog\/#website\",\"url\":\"https:\/\/agro-market24.pl\/blog\/\",\"name\":\"Blog - Agro-Market24\",\"description\":\"Blog - Agro-Market24\",\"publisher\":{\"@id\":\"https:\/\/agro-market24.pl\/blog\/#organization\"},\"potentialAction\":[{\"@type\":\"SearchAction\",\"target\":{\"@type\":\"EntryPoint\",\"urlTemplate\":\"https:\/\/agro-market24.pl\/blog\/?s={search_term_string}\"},\"query-input\":{\"@type\":\"PropertyValueSpecification\",\"valueRequired\":true,\"valueName\":\"search_term_string\"}}],\"inLanguage\":\"pl-PL\"},{\"@type\":\"Organization\",\"@id\":\"https:\/\/agro-market24.pl\/blog\/#organization\",\"name\":\"Blog - Agro-Market24\",\"url\":\"https:\/\/agro-market24.pl\/blog\/\",\"logo\":{\"@type\":\"ImageObject\",\"inLanguage\":\"pl-PL\",\"@id\":\"https:\/\/agro-market24.pl\/blog\/#\/schema\/logo\/image\/\",\"url\":\"https:\/\/agro-market24.pl\/blog\/wp-content\/uploads\/2025\/10\/Agro-Market24.jpg\",\"contentUrl\":\"https:\/\/agro-market24.pl\/blog\/wp-content\/uploads\/2025\/10\/Agro-Market24.jpg\",\"width\":2048,\"height\":1156,\"caption\":\"Blog - Agro-Market24\"},\"image\":{\"@id\":\"https:\/\/agro-market24.pl\/blog\/#\/schema\/logo\/image\/\"}},{\"@type\":\"Person\",\"@id\":\"https:\/\/agro-market24.pl\/blog\/#\/schema\/person\/b8d77e3e8f56fb302e389bbd41afad86\",\"name\":\"Redakcja Agro-Market24\",\"image\":{\"@type\":\"ImageObject\",\"inLanguage\":\"pl-PL\",\"@id\":\"https:\/\/agro-market24.pl\/blog\/#\/schema\/person\/image\/\",\"url\":\"https:\/\/secure.gravatar.com\/avatar\/bde2da3732da1138f40cd9a672e8cc1a8a826fa22695624623066fbc792f184b?s=96&d=mm&r=g\",\"contentUrl\":\"https:\/\/secure.gravatar.com\/avatar\/bde2da3732da1138f40cd9a672e8cc1a8a826fa22695624623066fbc792f184b?s=96&d=mm&r=g\",\"caption\":\"Redakcja Agro-Market24\"}}]}<\/script>\n<!-- \/ Yoast SEO plugin. -->","yoast_head_json":{"title":"PROW, Program Rozwoju Obszar\u00f3w Wiejskich na lata 2014-2020","description":"PROW - Program Rozwoju Obszar\u00f3w Wiejskich na lata 2014-2020 ma na celu popraw\u0119 konkurencyjno\u015bci rolnictwa, b\u0119dzie realizowa\u0142 wszystkie priorytety UE","robots":{"index":"index","follow":"follow","max-snippet":"max-snippet:-1","max-image-preview":"max-image-preview:large","max-video-preview":"max-video-preview:-1"},"canonical":"https:\/\/agro-market24.pl\/blog\/prow-program-rozwoju-obszarow-wiejskich\/","og_locale":"pl_PL","og_type":"article","og_title":"PROW, Program Rozwoju Obszar\u00f3w Wiejskich na lata 2014-2020","og_description":"PROW - Program Rozwoju Obszar\u00f3w Wiejskich na lata 2014-2020 ma na celu popraw\u0119 konkurencyjno\u015bci rolnictwa, b\u0119dzie realizowa\u0142 wszystkie priorytety UE","og_url":"https:\/\/agro-market24.pl\/blog\/prow-program-rozwoju-obszarow-wiejskich\/","og_site_name":"Blog - Agro-Market24","article_published_time":"2017-11-30T21:04:48+00:00","article_modified_time":"2018-03-27T21:21:06+00:00","og_image":[{"url":"https:\/\/agro-market24.pl\/blog\/wp-content\/uploads\/2017\/11\/prow_2014_2020-250x153.png","type":"","width":"","height":""}],"author":"Redakcja Agro-Market24","twitter_card":"summary_large_image","twitter_misc":{"Napisane przez":"Redakcja Agro-Market24","Szacowany czas czytania":"2 minuty"},"schema":{"@context":"https:\/\/schema.org","@graph":[{"@type":"Article","@id":"https:\/\/agro-market24.pl\/blog\/prow-program-rozwoju-obszarow-wiejskich\/#article","isPartOf":{"@id":"https:\/\/agro-market24.pl\/blog\/prow-program-rozwoju-obszarow-wiejskich\/"},"author":{"name":"Redakcja Agro-Market24","@id":"https:\/\/agro-market24.pl\/blog\/#\/schema\/person\/b8d77e3e8f56fb302e389bbd41afad86"},"headline":"PROW, Program Rozwoju Obszar\u00f3w Wiejskich 2014-2020","datePublished":"2017-11-30T21:04:48+00:00","dateModified":"2018-03-27T21:21:06+00:00","mainEntityOfPage":{"@id":"https:\/\/agro-market24.pl\/blog\/prow-program-rozwoju-obszarow-wiejskich\/"},"wordCount":499,"publisher":{"@id":"https:\/\/agro-market24.pl\/blog\/#organization"},"image":{"@id":"https:\/\/agro-market24.pl\/blog\/prow-program-rozwoju-obszarow-wiejskich\/#primaryimage"},"thumbnailUrl":"https:\/\/agro-market24.pl\/blog\/wp-content\/uploads\/2017\/11\/prow_2014_2020-250x153.png","inLanguage":"pl-PL"},{"@type":"WebPage","@id":"https:\/\/agro-market24.pl\/blog\/prow-program-rozwoju-obszarow-wiejskich\/","url":"https:\/\/agro-market24.pl\/blog\/prow-program-rozwoju-obszarow-wiejskich\/","name":"PROW, Program Rozwoju Obszar\u00f3w Wiejskich na lata 2014-2020","isPartOf":{"@id":"https:\/\/agro-market24.pl\/blog\/#website"},"primaryImageOfPage":{"@id":"https:\/\/agro-market24.pl\/blog\/prow-program-rozwoju-obszarow-wiejskich\/#primaryimage"},"image":{"@id":"https:\/\/agro-market24.pl\/blog\/prow-program-rozwoju-obszarow-wiejskich\/#primaryimage"},"thumbnailUrl":"https:\/\/agro-market24.pl\/blog\/wp-content\/uploads\/2017\/11\/prow_2014_2020-250x153.png","datePublished":"2017-11-30T21:04:48+00:00","dateModified":"2018-03-27T21:21:06+00:00","description":"PROW - Program Rozwoju Obszar\u00f3w Wiejskich na lata 2014-2020 ma na celu popraw\u0119 konkurencyjno\u015bci rolnictwa, b\u0119dzie realizowa\u0142 wszystkie priorytety UE","breadcrumb":{"@id":"https:\/\/agro-market24.pl\/blog\/prow-program-rozwoju-obszarow-wiejskich\/#breadcrumb"},"inLanguage":"pl-PL","potentialAction":[{"@type":"ReadAction","target":["https:\/\/agro-market24.pl\/blog\/prow-program-rozwoju-obszarow-wiejskich\/"]}]},{"@type":"ImageObject","inLanguage":"pl-PL","@id":"https:\/\/agro-market24.pl\/blog\/prow-program-rozwoju-obszarow-wiejskich\/#primaryimage","url":"https:\/\/agro-market24.pl\/blog\/wp-content\/uploads\/2017\/11\/prow_2014_2020.png","contentUrl":"https:\/\/agro-market24.pl\/blog\/wp-content\/uploads\/2017\/11\/prow_2014_2020.png","width":472,"height":289,"caption":"prow 2014-2020 ; prow 2014"},{"@type":"BreadcrumbList","@id":"https:\/\/agro-market24.pl\/blog\/prow-program-rozwoju-obszarow-wiejskich\/#breadcrumb","itemListElement":[{"@type":"ListItem","position":1,"name":"Strona g\u0142\u00f3wna","item":"https:\/\/agro-market24.pl\/blog\/"},{"@type":"ListItem","position":2,"name":"PROW, Program Rozwoju Obszar\u00f3w Wiejskich 2014-2020"}]},{"@type":"WebSite","@id":"https:\/\/agro-market24.pl\/blog\/#website","url":"https:\/\/agro-market24.pl\/blog\/","name":"Blog - Agro-Market24","description":"Blog - Agro-Market24","publisher":{"@id":"https:\/\/agro-market24.pl\/blog\/#organization"},"potentialAction":[{"@type":"SearchAction","target":{"@type":"EntryPoint","urlTemplate":"https:\/\/agro-market24.pl\/blog\/?s={search_term_string}"},"query-input":{"@type":"PropertyValueSpecification","valueRequired":true,"valueName":"search_term_string"}}],"inLanguage":"pl-PL"},{"@type":"Organization","@id":"https:\/\/agro-market24.pl\/blog\/#organization","name":"Blog - Agro-Market24","url":"https:\/\/agro-market24.pl\/blog\/","logo":{"@type":"ImageObject","inLanguage":"pl-PL","@id":"https:\/\/agro-market24.pl\/blog\/#\/schema\/logo\/image\/","url":"https:\/\/agro-market24.pl\/blog\/wp-content\/uploads\/2025\/10\/Agro-Market24.jpg","contentUrl":"https:\/\/agro-market24.pl\/blog\/wp-content\/uploads\/2025\/10\/Agro-Market24.jpg","width":2048,"height":1156,"caption":"Blog - Agro-Market24"},"image":{"@id":"https:\/\/agro-market24.pl\/blog\/#\/schema\/logo\/image\/"}},{"@type":"Person","@id":"https:\/\/agro-market24.pl\/blog\/#\/schema\/person\/b8d77e3e8f56fb302e389bbd41afad86","name":"Redakcja Agro-Market24","image":{"@type":"ImageObject","inLanguage":"pl-PL","@id":"https:\/\/agro-market24.pl\/blog\/#\/schema\/person\/image\/","url":"https:\/\/secure.gravatar.com\/avatar\/bde2da3732da1138f40cd9a672e8cc1a8a826fa22695624623066fbc792f184b?s=96&d=mm&r=g","contentUrl":"https:\/\/secure.gravatar.com\/avatar\/bde2da3732da1138f40cd9a672e8cc1a8a826fa22695624623066fbc792f184b?s=96&d=mm&r=g","caption":"Redakcja Agro-Market24"}}]}},"_links":{"self":[{"href":"https:\/\/agro-market24.pl\/blog\/wp-json\/wp\/v2\/posts\/436","targetHints":{"allow":["GET"]}}],"collection":[{"href":"https:\/\/agro-market24.pl\/blog\/wp-json\/wp\/v2\/posts"}],"about":[{"href":"https:\/\/agro-market24.pl\/blog\/wp-json\/wp\/v2\/types\/post"}],"author":[{"embeddable":true,"href":"https:\/\/agro-market24.pl\/blog\/wp-json\/wp\/v2\/users\/2"}],"replies":[{"embeddable":true,"href":"https:\/\/agro-market24.pl\/blog\/wp-json\/wp\/v2\/comments?post=436"}],"version-history":[{"count":9,"href":"https:\/\/agro-market24.pl\/blog\/wp-json\/wp\/v2\/posts\/436\/revisions"}],"predecessor-version":[{"id":568,"href":"https:\/\/agro-market24.pl\/blog\/wp-json\/wp\/v2\/posts\/436\/revisions\/568"}],"wp:attachment":[{"href":"https:\/\/agro-market24.pl\/blog\/wp-json\/wp\/v2\/media?parent=436"}],"wp:term":[{"taxonomy":"category","embeddable":true,"href":"https:\/\/agro-market24.pl\/blog\/wp-json\/wp\/v2\/categories?post=436"},{"taxonomy":"post_tag","embeddable":true,"href":"https:\/\/agro-market24.pl\/blog\/wp-json\/wp\/v2\/tags?post=436"}],"curies":[{"name":"wp","href":"https:\/\/api.w.org\/{rel}","templated":true}]}}